{"id":692,"date":"2026-08-11T13:43:00","date_gmt":"2026-08-11T11:43:00","guid":{"rendered":"https:\/\/temp.hufak.net\/?p=692"},"modified":"2026-08-28T15:39:34","modified_gmt":"2026-08-28T13:39:34","slug":"einladung-zur-1-o-uv-sitzung","status":"publish","type":"post","link":"https:\/\/temp.hufak.net\/de\/2026\/08\/11\/einladung-zur-1-o-uv-sitzung\/","title":{"rendered":"Einladung zur 1. o. UV-Sitzung"},"content":{"rendered":"\n<p>Wien, 11.08.2026<\/p>\n\n\n\n<p><strong>Einladung<\/strong><\/p>\n\n\n\n<p>zu der am&nbsp;<strong>24.08.2026 um 17:00 Uhr<\/strong>&nbsp;stattfindenden 1. ordentlichen Sitzung der Universit\u00e4tsvertretung der Hochsch\u00fcler_innenschaft an der Universit\u00e4t f\u00fcr angewandte Kunst Wien im Studienjahr 2026\/27.<\/p>\n\n\n\n<p>Ort: Sitzungssaal, OKP-F 1. Stock, Oskar-Kokoschka-Platz 2, 1010 Wien<\/p>\n\n\n\n<p><strong>Vorschlag zur Tagesordnung<\/strong><\/p>\n\n\n\n<ol class=\"wp-block-list\">\n<li>Begr\u00fc\u00dfung, Feststellung der ordnungsgem\u00e4\u00dfen\u00a0Einladung, der Anwesenheit der Mitglieder und der Beschlussf\u00e4higkeit<\/li>\n\n\n\n<li>Genehmigung der Tagesordnung<\/li>\n\n\n\n<li>Genehmigung des Protokolls der letzten Sitzung<\/li>\n\n\n\n<li>Berichte der Vorsitzenden, Referate &amp; Arbeitsgruppen<\/li>\n\n\n\n<li>Berichte aus den Gremien &amp; Aussch\u00fcssen<\/li>\n\n\n\n<li>Entsendung der Studierendenmitglieder des Senats<\/li>\n\n\n\n<li>\u00c4nderungen der Satzung<\/li>\n\n\n\n<li>Wahl der Referent*in f\u00fcr intersektionalen Queerfeminismus<\/li>\n\n\n\n<li>Wahl der Referent*in f\u00fcr Kunst + Theorie<\/li>\n\n\n\n<li>Antr\u00e4ge<\/li>\n\n\n\n<li>Allf\u00e4lliges<\/li>\n<\/ol>\n","protected":false},"excerpt":{"rendered":"<p>Wien, 11.08.2026 Einladung zu der am&nbsp;24.08.2026 um 17:00 Uhr&nbsp;stattfindenden 1. ordentlichen Sitzung der Universit\u00e4tsvertretung der Hochsch\u00fcler_innenschaft an der Universit\u00e4t f\u00fcr angewandte Kunst Wien im Studienjahr 2026\/27. Ort: Sitzungssaal, OKP-F 1. Stock, Oskar-Kokoschka-Platz 2, 1010 Wien Vorschlag zur Tagesordnung<\/p>\n","protected":false},"author":3,"featured_media":0,"comment_status":"closed","ping_status":"open","sticky":false,"template":"","format":"standard","meta":{"footnotes":""},"categories":[1],"tags":[],"class_list":["post-692","post","type-post","status-publish","format-standard","hentry","category-uncategorized"],"_links":{"self":[{"href":"https:\/\/temp.hufak.net\/de\/wp-json\/wp\/v2\/posts\/692","targetHints":{"allow":["GET"]}}],"collection":[{"href":"https:\/\/temp.hufak.net\/de\/wp-json\/wp\/v2\/posts"}],"about":[{"href":"https:\/\/temp.hufak.net\/de\/wp-json\/wp\/v2\/types\/post"}],"author":[{"embeddable":true,"href":"https:\/\/temp.hufak.net\/de\/wp-json\/wp\/v2\/users\/3"}],"replies":[{"embeddable":true,"href":"https:\/\/temp.hufak.net\/de\/wp-json\/wp\/v2\/comments?post=692"}],"version-history":[{"count":1,"href":"https:\/\/temp.hufak.net\/de\/wp-json\/wp\/v2\/posts\/692\/revisions"}],"predecessor-version":[{"id":693,"href":"https:\/\/temp.hufak.net\/de\/wp-json\/wp\/v2\/posts\/692\/revisions\/693"}],"wp:attachment":[{"href":"https:\/\/temp.hufak.net\/de\/wp-json\/wp\/v2\/media?parent=692"}],"wp:term":[{"taxonomy":"category","embeddable":true,"href":"https:\/\/temp.hufak.net\/de\/wp-json\/wp\/v2\/categories?post=692"},{"taxonomy":"post_tag","embeddable":true,"href":"https:\/\/temp.hufak.net\/de\/wp-json\/wp\/v2\/tags?post=692"}],"curies":[{"name":"wp","href":"https:\/\/api.w.org\/{rel}","templated":true}]}}